{"id":3949,"date":"2022-02-20T07:44:00","date_gmt":"2022-02-20T06:44:00","guid":{"rendered":"https:\/\/blog.e-ssistant.de\/?p=3949"},"modified":"2022-08-15T14:24:19","modified_gmt":"2022-08-15T12:24:19","slug":"social-media-welcher-plattform-passt-zu-meinem-business","status":"publish","type":"post","link":"https:\/\/marikaauenmueller.de\/blog\/index.php\/2022\/02\/20\/social-media-welcher-plattform-passt-zu-meinem-business\/","title":{"rendered":"Social Media &#8211; Welcher Plattform passt zu meinem Business?"},"content":{"rendered":"\n<p class=\"wp-block-paragraph\">Wer Social Media nicht f\u00fcr sein Business nutzt, verpasst eine riesige Chance. Die Frage ist nur, welche der unz\u00e4hligen Plattformen solltest du f\u00fcr dein Business verwenden? Die richtige Plattform zu finden kann eine ganz sch\u00f6ne Herausforderung sein. Gleichzeitig ist das aber die Voraussetzung f\u00fcr den Erfolg deines Kanals. Deshalb gehen wir heute etwas in die Tiefe, um step by step die richtige Plattform f\u00fcr dein Business zu finden.<\/p>\n\n\n\n<!--more-->\n\n\n\n<p class=\"wp-block-paragraph\">Sicherlich hast du bei dem Begriff \u201eSocial Media\u201c schon die gr\u00f6\u00dften und bekanntesten Plattformen wie Facebook, YouTube, Instagram, LinkedIn und Co im Kopf. Bei diesen Plattformen kannst du auch erstmal bleiben. Es macht durchaus Sinn deine Auswahl an verschiedensten Kan\u00e4len auf die beliebtesten und bekanntesten Social Media Plattformen einzugrenzen.<\/p>\n\n\n\n<h2 class=\"wp-block-heading\" id=\"aber-auf-welcher-dieser-plattformen-sollst-du-jetzt-aktiv-werden-vielleicht-sogar-auf-allen\">Aber auf welcher dieser Plattformen sollst du jetzt aktiv werden? Vielleicht sogar auf allen?<\/h2>\n\n\n\n<p class=\"wp-block-paragraph\">So viel kann ich schon mal vorwegnehmen: du solltest auf keinen Fall versuchen auf allen Plattformen gleichzeitig aktiv zu sein. Sich vorzunehmen auf allen Hochzeiten zu tanzen, kann ganz schnell schiefgehen.<\/p>\n\n\n\n<p class=\"wp-block-paragraph\">Solltest du dir vornehmen auf so vielen Plattformen wie m\u00f6glich aktiv zu werden, f\u00fchrt das ganz schnell dazu, dass du gar nicht mehr mit der Social Media Arbeit hinterherkommst und du die einzelnen Kan\u00e4le nicht richtig pflegen kannst. So hast du au\u00dfer einer Flut an Arbeit nichts gewonnen<\/p>\n\n\n\n<p class=\"wp-block-paragraph\">Aber keine Sorge, beim Social Media Marketing geht es auch gar nicht darum, auf m\u00f6glichst vielen Plattformen aktiv zu sein, sondern auf der oder den richtigen. Schlie\u00dflich macht es keinen Sinn deine Zeit und Energie in Kan\u00e4le zu stecken, mit denen du dein Wunschpublikum gar nicht erreichst.<\/p>\n\n\n\n<p class=\"wp-block-paragraph\">Auf der anderen Seite stimmt es nat\u00fcrlich, dass es von Vorteil sein kann auf mehreren Plattformen aktiv zu sein, weil deine Kunden dich so leichter finden k\u00f6nnen.<\/p>\n\n\n\n<p class=\"wp-block-paragraph\">Besonders am Anfang solltest du dich aber auf einen Kanal konzentrieren. Sp\u00e4ter kannst du deine Social Media Pr\u00e4senz immer noch auf weitere Plattformen ausweiten. Erstmal reicht ein Kanal aber vollkommen aus.<\/p>\n\n\n\n<p class=\"wp-block-paragraph\">Um die richtige Plattform f\u00fcr dein Business zu finden, sind vor allem drei Faktoren ausschlaggebend:<\/p>\n\n\n\n<ul class=\"wp-block-list\"><li>Deine Social Media Ziele<\/li><li>Deine Zielgruppe<\/li><li>Dein Content<\/li><\/ul>\n\n\n\n<h2 class=\"wp-block-heading\" id=\"wofur-mochtest-du-social-media-nutzen\">Wof\u00fcr m\u00f6chtest du Social Media nutzen?<\/h2>\n\n\n\n<p class=\"wp-block-paragraph\">Ausschlaggebend f\u00fcr die Wahl deiner Plattform sind deine Social Media Ziele. Das hei\u00dft, du musst dir \u00fcberlegen, wof\u00fcr du deinen Kanal nutzen m\u00f6chtest. Denn abh\u00e4ngig von deinen Zielen eignen sich unterschiedliche Plattformen f\u00fcr dein Business.<\/p>\n\n\n\n<h3 class=\"wp-block-heading\" id=\"welche-social-media-ziele-gibt-es\">Welche Social Media Ziele gibt es?<\/h3>\n\n\n\n<p class=\"wp-block-paragraph\">Es gibt ganz unterschiedliche Ziele, die du bei der Nutzung von Social Media f\u00fcr dein Business verfolgen kannst. Einige davon k\u00f6nnten sein:<\/p>\n\n\n\n<ul class=\"wp-block-list\"><li>Reichweite<\/li><li>Kundenservice<\/li><li>Markenbekanntheit<\/li><li>Image<\/li><li>Networking<\/li><li>Kundenbindung<\/li><li>Kundengewinnung<\/li><li>Weitergabe von Wissen<\/li><\/ul>\n\n\n\n<p class=\"wp-block-paragraph\">Viele dieser Ziele \u00fcberschneiden sich oder lassen sich miteinander kombinieren. Du solltest darauf achten, dass du deine Ziele \u2013 genau so, wie man es mit Neujahresvorsetzten ja auch machen soll &#8211; so formulierst, dass sie konkret, spezifisch und terminiert sind, damit du sie besser erreichen kannst.<\/p>\n\n\n\n<p class=\"wp-block-paragraph\">Wenn du wei\u00dft, was du mit deinem Kanal erreichen willst, ist es viel leichter eine Plattform daf\u00fcr auszuw\u00e4hlen und weitere Schritte zu gehen.<\/p>\n\n\n\n<h3 class=\"wp-block-heading\" id=\"wo-kannst-du-deine-zielgruppe-erreichen\">Wo kannst du deine Zielgruppe erreichen?<\/h3>\n\n\n\n<p class=\"wp-block-paragraph\">Abh\u00e4ngig von deinen Social Media Zielen m\u00f6chtest du ja eine bestimmte Zielgruppe erreichen. Wenn du Social Media nutzen willst, um deinen Kundenservice zu verbessern, dann m\u00f6chtest du Kunden erreichen, die dich schon kennen. F\u00fcr die Gewinnung neuer Kunden und um deine Bekanntheit zu steigern, musst du Leute erreichen, die dein Business noch nicht kennen. Und so weiter, und so weiter.<\/p>\n\n\n\n<p class=\"wp-block-paragraph\">Du siehst also, dass deine Social Media Ziele auch beeinflussen, wer auf Social Media dein Publikum sein soll.<\/p>\n\n\n\n<p class=\"wp-block-paragraph\">Wenn du diese Zielgruppe festgelegt hast, dann solltest du versuchen, sie so gut wie m\u00f6glich zu verstehen. Schlie\u00dflich geht es bei deinem Social Media Kanal darum, genau diese Menschen zu erreichen.<\/p>\n\n\n\n<p class=\"wp-block-paragraph\">\u00dcberlege dir, wo sie sich in den sozialen Netzwerken am meisten aufhalten. Auf welchen Plattformen sind sie bevorzugt unterwegs?<\/p>\n\n\n\n<p class=\"wp-block-paragraph\">Solltest du keine Antwort auf diese Frage haben oder dir einfach nicht ganz sicher sein, ist das auch nicht schlimm.<\/p>\n\n\n\n<p class=\"wp-block-paragraph\">Wenn du nicht genau wei\u00dft, in welche Plattform du deine Zeit stecken sollst, dann kannst du das ganz einfach ausprobieren. In diesem Fall empfehle ich dir f\u00fcr jeweils einen Monat auf verschiedenen Plattformen aktiv zu werden &#8211; aber so richtig aktiv. Versuche nicht nur hin und wieder mal etwas zu posten, sondern das t\u00e4glich zu tun. Stecke f\u00fcr einen Monat wirklich viel Energie in diese \u201eTest-Kan\u00e4le\u201c. Dazu geh\u00f6rt aber nicht nur das Posten. Kommentiere, interagiere und like was das Zeug h\u00e4lt. Wenn m\u00f6glich solltest du auch probieren Gruppen beizutreten. Zum Beispiel auf Facebook und LinkedIn helfen solche Gruppen ungemein dabei, die eigene Reichweite zu erh\u00f6hen.<\/p>\n\n\n\n<p class=\"wp-block-paragraph\">Dokumentiere w\u00e4hrend der Testphasen, den Erfolg, den du mit deinen Kan\u00e4len auf den jeweiligen Plattformen hattest. Abh\u00e4ngig von deinen Social Media Zielen k\u00f6nnten das zum Beispiel deine Reichweite, die Interaktion mit deinen Beitr\u00e4gen oder die Anzahl der Likes sein.<\/p>\n\n\n\n<h3 class=\"wp-block-heading\" id=\"welche-inhalte-mochtest-du-auf-social-media-teilen\">Welche Inhalte m\u00f6chtest du auf Social Media teilen?<\/h3>\n\n\n\n<p class=\"wp-block-paragraph\">Die Art von Inhalten, die du auf Social Media posten m\u00f6chtest, sollte auch einen Einfluss auf die Wahl deiner Plattform haben. Schlie\u00dflich w\u00fcrde es keinen Sinn machen einen Instagram Kanal zu er\u00f6ffnen, wenn du Social Media nutzen m\u00f6chtest, um Blogbeitr\u00e4ge oder andere lange Texte zu teilen. Plattformen wie Instagram oder TikTok sind ja eher ein Ort f\u00fcr kurze, visuelle Inhalte.<\/p>\n\n\n\n<p class=\"wp-block-paragraph\">Welche Inhalte du teilen wirst, h\u00e4ngt nat\u00fcrlich auch davon ab, welche Inhalte dein Publikum gerne konsumiert.<\/p>\n\n\n\n<p class=\"wp-block-paragraph\">Entweder kennst du deine Zielgruppe so gut, dass du schon wei\u00dft, welchen Content sie sehen will oder du probierst das einfach aus. Du kannst, wieder \u00fcber einen festgelegten Zeitraum, verschiedene Inhalte posten und dann beobachten, mit welchen Inhalten am meisten interagiert wird.<\/p>\n\n\n\n<p class=\"wp-block-paragraph\">Du solltest aber auch ber\u00fccksichtigen, welche Inhalte du gerne erstellst. Also wenn dein Publikum es nicht mag lange Texte zu lesen, du aber gerne Dinge ausf\u00fchrlich erkl\u00e4ren m\u00f6chtest, k\u00f6nnte ein YouTube Channel oder ein Podcast das richtige f\u00fcr dich sein.<\/p>\n\n\n\n<p class=\"wp-block-paragraph\">Ich w\u00fcnsche dir viel Spa\u00df beim Erstellen deines Social Media Kanals!<\/p>\n\n\n\n<p class=\"wp-block-paragraph\">Bis bald. <\/p>\n\n\n\n<p class=\"wp-block-paragraph\">Alles Liebe, Marika ?<\/p>\n\n\n\n<p class=\"wp-block-paragraph\">PS: Falls du mich noch nicht kennst und mehr \u00fcber mich erfahren magst, dann schau doch einmal hier vorbei. <a href=\"https:\/\/marikaauenmueller.de\/blog\/index.php\/2020\/12\/14\/zusammenarbeit-mit-einer-va\/\">Wie funktioniert eine Zusammenarbeit mir<\/a>? ?<\/p>\n","protected":false},"excerpt":{"rendered":"<p>Wer Social Media nicht f\u00fcr sein Business nutzt, verpasst eine riesige Chance. Die Frage ist nur, welche der unz\u00e4hligen Plattformen solltest du f\u00fcr dein Business verwenden? Die richtige Plattform zu finden kann eine ganz sch\u00f6ne Herausforderung sein. Gleichzeitig ist das aber die Voraussetzung f\u00fcr den Erfolg deines Kanals. Deshalb gehen wir heute etwas in die Tiefe, um step by step die richtige Plattform f\u00fcr dein Business zu finden.<\/p>\n","protected":false},"author":2,"featured_media":3967,"comment_status":"open","ping_status":"closed","sticky":false,"template":"","format":"standard","meta":{"_crdt_document":"","footnotes":""},"categories":[46],"tags":[29,27,45,44,19,20],"class_list":["post-3949","post","type-post","status-publish","format-standard","has-post-thumbnail","hentry","category-social-media","tag-authentischsein","tag-effiktivitaet","tag-plattform","tag-socialmedia","tag-virtuelle-assistenz","tag-zusammenarbeit","post-has-thumbnail"],"yoast_head":"<!-- This site is optimized with the Yoast SEO plugin v27.5 - https:\/\/yoast.com\/product\/yoast-seo-wordpress\/ -->\n<title>Social Media - Welcher Plattform passt zu meinem Business?<\/title>\n<meta name=\"description\" content=\"Wer Social Media nicht f\u00fcr sein Business nutz verpasst eine riesige Chance. Die Frage ist nur, welche Plattform passt zu deinem Business?\" \/>\n<meta name=\"robots\" content=\"index, follow, max-snippet:-1, max-image-preview:large, max-video-preview:-1\" \/>\n<link rel=\"canonical\" href=\"https:\/\/marikaauenmueller.de\/blog\/index.php\/2022\/02\/20\/social-media-welcher-plattform-passt-zu-meinem-business\/\" \/>\n<meta property=\"og:locale\" content=\"de_DE\" \/>\n<meta property=\"og:type\" content=\"article\" \/>\n<meta property=\"og:title\" content=\"Social Media - Welcher Plattform passt zu meinem Business?\" \/>\n<meta property=\"og:description\" content=\"Wer Social Media nicht f\u00fcr sein Business nutz verpasst eine riesige Chance. Die Frage ist nur, welche Plattform passt zu deinem Business?\" \/>\n<meta property=\"og:url\" content=\"https:\/\/marikaauenmueller.de\/blog\/index.php\/2022\/02\/20\/social-media-welcher-plattform-passt-zu-meinem-business\/\" \/>\n<meta property=\"og:site_name\" content=\"MarikaAuenmueller.de - BLOG\" \/>\n<meta property=\"article:publisher\" content=\"https:\/\/www.facebook.com\/MarikaAuenmueller\/\" \/>\n<meta property=\"article:author\" content=\"https:\/\/www.facebook.com\/MarikaAuenmueller\/\" \/>\n<meta property=\"article:published_time\" content=\"2022-02-20T06:44:00+00:00\" \/>\n<meta property=\"article:modified_time\" content=\"2022-08-15T12:24:19+00:00\" \/>\n<meta property=\"og:image\" content=\"https:\/\/marikaauenmueller.de\/blog\/wp-content\/uploads\/2022\/02\/pexels-peter-c-360438-scaled.jpg\" \/>\n\t<meta property=\"og:image:width\" content=\"2560\" \/>\n\t<meta property=\"og:image:height\" content=\"1707\" \/>\n\t<meta property=\"og:image:type\" content=\"image\/jpeg\" \/>\n<meta name=\"author\" content=\"Marika Auenm\u00fcller\" \/>\n<meta name=\"twitter:card\" content=\"summary_large_image\" \/>\n<meta name=\"twitter:label1\" content=\"Verfasst von\" \/>\n\t<meta name=\"twitter:data1\" content=\"Marika Auenm\u00fcller\" \/>\n\t<meta name=\"twitter:label2\" content=\"Gesch\u00e4tzte Lesezeit\" \/>\n\t<meta name=\"twitter:data2\" content=\"6\u00a0Minuten\" \/>\n<script type=\"application\/ld+json\" class=\"yoast-schema-graph\">{\"@context\":\"https:\\\/\\\/schema.org\",\"@graph\":[{\"@type\":\"Article\",\"@id\":\"https:\\\/\\\/marikaauenmueller.de\\\/blog\\\/index.php\\\/2022\\\/02\\\/20\\\/social-media-welcher-plattform-passt-zu-meinem-business\\\/#article\",\"isPartOf\":{\"@id\":\"https:\\\/\\\/marikaauenmueller.de\\\/blog\\\/index.php\\\/2022\\\/02\\\/20\\\/social-media-welcher-plattform-passt-zu-meinem-business\\\/\"},\"author\":{\"name\":\"Marika Auenm\u00fcller\",\"@id\":\"https:\\\/\\\/marikaauenmueller.de\\\/blog\\\/#\\\/schema\\\/person\\\/c0e529e33505a0610dcb913960a15a04\"},\"headline\":\"Social Media &#8211; Welcher Plattform passt zu meinem Business?\",\"datePublished\":\"2022-02-20T06:44:00+00:00\",\"dateModified\":\"2022-08-15T12:24:19+00:00\",\"mainEntityOfPage\":{\"@id\":\"https:\\\/\\\/marikaauenmueller.de\\\/blog\\\/index.php\\\/2022\\\/02\\\/20\\\/social-media-welcher-plattform-passt-zu-meinem-business\\\/\"},\"wordCount\":1069,\"commentCount\":0,\"publisher\":{\"@id\":\"https:\\\/\\\/marikaauenmueller.de\\\/blog\\\/#\\\/schema\\\/person\\\/c0e529e33505a0610dcb913960a15a04\"},\"image\":{\"@id\":\"https:\\\/\\\/marikaauenmueller.de\\\/blog\\\/index.php\\\/2022\\\/02\\\/20\\\/social-media-welcher-plattform-passt-zu-meinem-business\\\/#primaryimage\"},\"thumbnailUrl\":\"https:\\\/\\\/marikaauenmueller.de\\\/blog\\\/wp-content\\\/uploads\\\/2022\\\/02\\\/pexels-peter-c-360438-scaled.jpg\",\"keywords\":[\"authentischsein\",\"Effiktivit\u00e4t\",\"Plattform\",\"socialmedia\",\"Virtuelle Assistenz\",\"Zusammenarbeit\"],\"articleSection\":[\"Social Media\"],\"inLanguage\":\"de\",\"potentialAction\":[{\"@type\":\"CommentAction\",\"name\":\"Comment\",\"target\":[\"https:\\\/\\\/marikaauenmueller.de\\\/blog\\\/index.php\\\/2022\\\/02\\\/20\\\/social-media-welcher-plattform-passt-zu-meinem-business\\\/#respond\"]}]},{\"@type\":\"WebPage\",\"@id\":\"https:\\\/\\\/marikaauenmueller.de\\\/blog\\\/index.php\\\/2022\\\/02\\\/20\\\/social-media-welcher-plattform-passt-zu-meinem-business\\\/\",\"url\":\"https:\\\/\\\/marikaauenmueller.de\\\/blog\\\/index.php\\\/2022\\\/02\\\/20\\\/social-media-welcher-plattform-passt-zu-meinem-business\\\/\",\"name\":\"Social Media - Welcher Plattform passt zu meinem Business?\",\"isPartOf\":{\"@id\":\"https:\\\/\\\/marikaauenmueller.de\\\/blog\\\/#website\"},\"primaryImageOfPage\":{\"@id\":\"https:\\\/\\\/marikaauenmueller.de\\\/blog\\\/index.php\\\/2022\\\/02\\\/20\\\/social-media-welcher-plattform-passt-zu-meinem-business\\\/#primaryimage\"},\"image\":{\"@id\":\"https:\\\/\\\/marikaauenmueller.de\\\/blog\\\/index.php\\\/2022\\\/02\\\/20\\\/social-media-welcher-plattform-passt-zu-meinem-business\\\/#primaryimage\"},\"thumbnailUrl\":\"https:\\\/\\\/marikaauenmueller.de\\\/blog\\\/wp-content\\\/uploads\\\/2022\\\/02\\\/pexels-peter-c-360438-scaled.jpg\",\"datePublished\":\"2022-02-20T06:44:00+00:00\",\"dateModified\":\"2022-08-15T12:24:19+00:00\",\"description\":\"Wer Social Media nicht f\u00fcr sein Business nutz verpasst eine riesige Chance. Die Frage ist nur, welche Plattform passt zu deinem Business?\",\"breadcrumb\":{\"@id\":\"https:\\\/\\\/marikaauenmueller.de\\\/blog\\\/index.php\\\/2022\\\/02\\\/20\\\/social-media-welcher-plattform-passt-zu-meinem-business\\\/#breadcrumb\"},\"inLanguage\":\"de\",\"potentialAction\":[{\"@type\":\"ReadAction\",\"target\":[\"https:\\\/\\\/marikaauenmueller.de\\\/blog\\\/index.php\\\/2022\\\/02\\\/20\\\/social-media-welcher-plattform-passt-zu-meinem-business\\\/\"]}]},{\"@type\":\"ImageObject\",\"inLanguage\":\"de\",\"@id\":\"https:\\\/\\\/marikaauenmueller.de\\\/blog\\\/index.php\\\/2022\\\/02\\\/20\\\/social-media-welcher-plattform-passt-zu-meinem-business\\\/#primaryimage\",\"url\":\"https:\\\/\\\/marikaauenmueller.de\\\/blog\\\/wp-content\\\/uploads\\\/2022\\\/02\\\/pexels-peter-c-360438-scaled.jpg\",\"contentUrl\":\"https:\\\/\\\/marikaauenmueller.de\\\/blog\\\/wp-content\\\/uploads\\\/2022\\\/02\\\/pexels-peter-c-360438-scaled.jpg\",\"width\":2560,\"height\":1707,\"caption\":\"Social Media - Welcher Plattform passt zu meinem Business?\"},{\"@type\":\"BreadcrumbList\",\"@id\":\"https:\\\/\\\/marikaauenmueller.de\\\/blog\\\/index.php\\\/2022\\\/02\\\/20\\\/social-media-welcher-plattform-passt-zu-meinem-business\\\/#breadcrumb\",\"itemListElement\":[{\"@type\":\"ListItem\",\"position\":1,\"name\":\"Startseite\",\"item\":\"https:\\\/\\\/marikaauenmueller.de\\\/blog\\\/\"},{\"@type\":\"ListItem\",\"position\":2,\"name\":\"Social Media &#8211; Welcher Plattform passt zu meinem Business?\"}]},{\"@type\":\"WebSite\",\"@id\":\"https:\\\/\\\/marikaauenmueller.de\\\/blog\\\/#website\",\"url\":\"https:\\\/\\\/marikaauenmueller.de\\\/blog\\\/\",\"name\":\"MarikaAuenmueller.de - BLOG\",\"description\":\"Sanftes Marketing und Coaching f\u00fcr dein Business\",\"publisher\":{\"@id\":\"https:\\\/\\\/marikaauenmueller.de\\\/blog\\\/#\\\/schema\\\/person\\\/c0e529e33505a0610dcb913960a15a04\"},\"potentialAction\":[{\"@type\":\"SearchAction\",\"target\":{\"@type\":\"EntryPoint\",\"urlTemplate\":\"https:\\\/\\\/marikaauenmueller.de\\\/blog\\\/?s={search_term_string}\"},\"query-input\":{\"@type\":\"PropertyValueSpecification\",\"valueRequired\":true,\"valueName\":\"search_term_string\"}}],\"inLanguage\":\"de\"},{\"@type\":[\"Person\",\"Organization\"],\"@id\":\"https:\\\/\\\/marikaauenmueller.de\\\/blog\\\/#\\\/schema\\\/person\\\/c0e529e33505a0610dcb913960a15a04\",\"name\":\"Marika Auenm\u00fcller\",\"image\":{\"@type\":\"ImageObject\",\"inLanguage\":\"de\",\"@id\":\"https:\\\/\\\/marikaauenmueller.de\\\/blog\\\/wp-content\\\/uploads\\\/2021\\\/03\\\/3054-0018-F-scaled.jpg\",\"url\":\"https:\\\/\\\/marikaauenmueller.de\\\/blog\\\/wp-content\\\/uploads\\\/2021\\\/03\\\/3054-0018-F-scaled.jpg\",\"contentUrl\":\"https:\\\/\\\/marikaauenmueller.de\\\/blog\\\/wp-content\\\/uploads\\\/2021\\\/03\\\/3054-0018-F-scaled.jpg\",\"width\":2560,\"height\":1709,\"caption\":\"Marika Auenm\u00fcller\"},\"logo\":{\"@id\":\"https:\\\/\\\/marikaauenmueller.de\\\/blog\\\/wp-content\\\/uploads\\\/2021\\\/03\\\/3054-0018-F-scaled.jpg\"},\"sameAs\":[\"http:\\\/\\\/e-ssistant.de\",\"https:\\\/\\\/www.facebook.com\\\/MarikaAuenmueller\\\/\",\"https:\\\/\\\/www.instagram.com\\\/marika.auenmueller\\\/\"],\"url\":\"https:\\\/\\\/marikaauenmueller.de\\\/blog\\\/index.php\\\/author\\\/marika\\\/\"}]}<\/script>\n<!-- \/ Yoast SEO plugin. -->","yoast_head_json":{"title":"Social Media - Welcher Plattform passt zu meinem Business?","description":"Wer Social Media nicht f\u00fcr sein Business nutz verpasst eine riesige Chance. Die Frage ist nur, welche Plattform passt zu deinem Business?","robots":{"index":"index","follow":"follow","max-snippet":"max-snippet:-1","max-image-preview":"max-image-preview:large","max-video-preview":"max-video-preview:-1"},"canonical":"https:\/\/marikaauenmueller.de\/blog\/index.php\/2022\/02\/20\/social-media-welcher-plattform-passt-zu-meinem-business\/","og_locale":"de_DE","og_type":"article","og_title":"Social Media - Welcher Plattform passt zu meinem Business?","og_description":"Wer Social Media nicht f\u00fcr sein Business nutz verpasst eine riesige Chance. Die Frage ist nur, welche Plattform passt zu deinem Business?","og_url":"https:\/\/marikaauenmueller.de\/blog\/index.php\/2022\/02\/20\/social-media-welcher-plattform-passt-zu-meinem-business\/","og_site_name":"MarikaAuenmueller.de - BLOG","article_publisher":"https:\/\/www.facebook.com\/MarikaAuenmueller\/","article_author":"https:\/\/www.facebook.com\/MarikaAuenmueller\/","article_published_time":"2022-02-20T06:44:00+00:00","article_modified_time":"2022-08-15T12:24:19+00:00","og_image":[{"width":2560,"height":1707,"url":"https:\/\/marikaauenmueller.de\/blog\/wp-content\/uploads\/2022\/02\/pexels-peter-c-360438-scaled.jpg","type":"image\/jpeg"}],"author":"Marika Auenm\u00fcller","twitter_card":"summary_large_image","twitter_misc":{"Verfasst von":"Marika Auenm\u00fcller","Gesch\u00e4tzte Lesezeit":"6\u00a0Minuten"},"schema":{"@context":"https:\/\/schema.org","@graph":[{"@type":"Article","@id":"https:\/\/marikaauenmueller.de\/blog\/index.php\/2022\/02\/20\/social-media-welcher-plattform-passt-zu-meinem-business\/#article","isPartOf":{"@id":"https:\/\/marikaauenmueller.de\/blog\/index.php\/2022\/02\/20\/social-media-welcher-plattform-passt-zu-meinem-business\/"},"author":{"name":"Marika Auenm\u00fcller","@id":"https:\/\/marikaauenmueller.de\/blog\/#\/schema\/person\/c0e529e33505a0610dcb913960a15a04"},"headline":"Social Media &#8211; Welcher Plattform passt zu meinem Business?","datePublished":"2022-02-20T06:44:00+00:00","dateModified":"2022-08-15T12:24:19+00:00","mainEntityOfPage":{"@id":"https:\/\/marikaauenmueller.de\/blog\/index.php\/2022\/02\/20\/social-media-welcher-plattform-passt-zu-meinem-business\/"},"wordCount":1069,"commentCount":0,"publisher":{"@id":"https:\/\/marikaauenmueller.de\/blog\/#\/schema\/person\/c0e529e33505a0610dcb913960a15a04"},"image":{"@id":"https:\/\/marikaauenmueller.de\/blog\/index.php\/2022\/02\/20\/social-media-welcher-plattform-passt-zu-meinem-business\/#primaryimage"},"thumbnailUrl":"https:\/\/marikaauenmueller.de\/blog\/wp-content\/uploads\/2022\/02\/pexels-peter-c-360438-scaled.jpg","keywords":["authentischsein","Effiktivit\u00e4t","Plattform","socialmedia","Virtuelle Assistenz","Zusammenarbeit"],"articleSection":["Social Media"],"inLanguage":"de","potentialAction":[{"@type":"CommentAction","name":"Comment","target":["https:\/\/marikaauenmueller.de\/blog\/index.php\/2022\/02\/20\/social-media-welcher-plattform-passt-zu-meinem-business\/#respond"]}]},{"@type":"WebPage","@id":"https:\/\/marikaauenmueller.de\/blog\/index.php\/2022\/02\/20\/social-media-welcher-plattform-passt-zu-meinem-business\/","url":"https:\/\/marikaauenmueller.de\/blog\/index.php\/2022\/02\/20\/social-media-welcher-plattform-passt-zu-meinem-business\/","name":"Social Media - Welcher Plattform passt zu meinem Business?","isPartOf":{"@id":"https:\/\/marikaauenmueller.de\/blog\/#website"},"primaryImageOfPage":{"@id":"https:\/\/marikaauenmueller.de\/blog\/index.php\/2022\/02\/20\/social-media-welcher-plattform-passt-zu-meinem-business\/#primaryimage"},"image":{"@id":"https:\/\/marikaauenmueller.de\/blog\/index.php\/2022\/02\/20\/social-media-welcher-plattform-passt-zu-meinem-business\/#primaryimage"},"thumbnailUrl":"https:\/\/marikaauenmueller.de\/blog\/wp-content\/uploads\/2022\/02\/pexels-peter-c-360438-scaled.jpg","datePublished":"2022-02-20T06:44:00+00:00","dateModified":"2022-08-15T12:24:19+00:00","description":"Wer Social Media nicht f\u00fcr sein Business nutz verpasst eine riesige Chance. Die Frage ist nur, welche Plattform passt zu deinem Business?","breadcrumb":{"@id":"https:\/\/marikaauenmueller.de\/blog\/index.php\/2022\/02\/20\/social-media-welcher-plattform-passt-zu-meinem-business\/#breadcrumb"},"inLanguage":"de","potentialAction":[{"@type":"ReadAction","target":["https:\/\/marikaauenmueller.de\/blog\/index.php\/2022\/02\/20\/social-media-welcher-plattform-passt-zu-meinem-business\/"]}]},{"@type":"ImageObject","inLanguage":"de","@id":"https:\/\/marikaauenmueller.de\/blog\/index.php\/2022\/02\/20\/social-media-welcher-plattform-passt-zu-meinem-business\/#primaryimage","url":"https:\/\/marikaauenmueller.de\/blog\/wp-content\/uploads\/2022\/02\/pexels-peter-c-360438-scaled.jpg","contentUrl":"https:\/\/marikaauenmueller.de\/blog\/wp-content\/uploads\/2022\/02\/pexels-peter-c-360438-scaled.jpg","width":2560,"height":1707,"caption":"Social Media - Welcher Plattform passt zu meinem Business?"},{"@type":"BreadcrumbList","@id":"https:\/\/marikaauenmueller.de\/blog\/index.php\/2022\/02\/20\/social-media-welcher-plattform-passt-zu-meinem-business\/#breadcrumb","itemListElement":[{"@type":"ListItem","position":1,"name":"Startseite","item":"https:\/\/marikaauenmueller.de\/blog\/"},{"@type":"ListItem","position":2,"name":"Social Media &#8211; Welcher Plattform passt zu meinem Business?"}]},{"@type":"WebSite","@id":"https:\/\/marikaauenmueller.de\/blog\/#website","url":"https:\/\/marikaauenmueller.de\/blog\/","name":"MarikaAuenmueller.de - BLOG","description":"Sanftes Marketing und Coaching f\u00fcr dein Business","publisher":{"@id":"https:\/\/marikaauenmueller.de\/blog\/#\/schema\/person\/c0e529e33505a0610dcb913960a15a04"},"potentialAction":[{"@type":"SearchAction","target":{"@type":"EntryPoint","urlTemplate":"https:\/\/marikaauenmueller.de\/blog\/?s={search_term_string}"},"query-input":{"@type":"PropertyValueSpecification","valueRequired":true,"valueName":"search_term_string"}}],"inLanguage":"de"},{"@type":["Person","Organization"],"@id":"https:\/\/marikaauenmueller.de\/blog\/#\/schema\/person\/c0e529e33505a0610dcb913960a15a04","name":"Marika Auenm\u00fcller","image":{"@type":"ImageObject","inLanguage":"de","@id":"https:\/\/marikaauenmueller.de\/blog\/wp-content\/uploads\/2021\/03\/3054-0018-F-scaled.jpg","url":"https:\/\/marikaauenmueller.de\/blog\/wp-content\/uploads\/2021\/03\/3054-0018-F-scaled.jpg","contentUrl":"https:\/\/marikaauenmueller.de\/blog\/wp-content\/uploads\/2021\/03\/3054-0018-F-scaled.jpg","width":2560,"height":1709,"caption":"Marika Auenm\u00fcller"},"logo":{"@id":"https:\/\/marikaauenmueller.de\/blog\/wp-content\/uploads\/2021\/03\/3054-0018-F-scaled.jpg"},"sameAs":["http:\/\/e-ssistant.de","https:\/\/www.facebook.com\/MarikaAuenmueller\/","https:\/\/www.instagram.com\/marika.auenmueller\/"],"url":"https:\/\/marikaauenmueller.de\/blog\/index.php\/author\/marika\/"}]}},"_links":{"self":[{"href":"https:\/\/marikaauenmueller.de\/blog\/index.php\/wp-json\/wp\/v2\/posts\/3949","targetHints":{"allow":["GET"]}}],"collection":[{"href":"https:\/\/marikaauenmueller.de\/blog\/index.php\/wp-json\/wp\/v2\/posts"}],"about":[{"href":"https:\/\/marikaauenmueller.de\/blog\/index.php\/wp-json\/wp\/v2\/types\/post"}],"author":[{"embeddable":true,"href":"https:\/\/marikaauenmueller.de\/blog\/index.php\/wp-json\/wp\/v2\/users\/2"}],"replies":[{"embeddable":true,"href":"https:\/\/marikaauenmueller.de\/blog\/index.php\/wp-json\/wp\/v2\/comments?post=3949"}],"version-history":[{"count":0,"href":"https:\/\/marikaauenmueller.de\/blog\/index.php\/wp-json\/wp\/v2\/posts\/3949\/revisions"}],"wp:featuredmedia":[{"embeddable":true,"href":"https:\/\/marikaauenmueller.de\/blog\/index.php\/wp-json\/wp\/v2\/media\/3967"}],"wp:attachment":[{"href":"https:\/\/marikaauenmueller.de\/blog\/index.php\/wp-json\/wp\/v2\/media?parent=3949"}],"wp:term":[{"taxonomy":"category","embeddable":true,"href":"https:\/\/marikaauenmueller.de\/blog\/index.php\/wp-json\/wp\/v2\/categories?post=3949"},{"taxonomy":"post_tag","embeddable":true,"href":"https:\/\/marikaauenmueller.de\/blog\/index.php\/wp-json\/wp\/v2\/tags?post=3949"}],"curies":[{"name":"wp","href":"https:\/\/api.w.org\/{rel}","templated":true}]}}